{"id":1582,"date":"2025-10-12T12:00:00","date_gmt":"2025-10-12T12:00:00","guid":{"rendered":"https:\/\/programavitamina.org\/?p=1582"},"modified":"2026-02-20T15:31:59","modified_gmt":"2026-02-20T15:31:59","slug":"vitamina-inicia-el-curs-2025-a-tarragona-amb-una-empenta-notable-combinant-continuitat-i-expansio","status":"publish","type":"post","link":"https:\/\/programavitamina.org\/?p=1582","title":{"rendered":"Vitamina inicia el curs 2025 a Tarragona amb una empenta notable, combinant continu\u00eftat i expansi\u00f3."},"content":{"rendered":"\n<p><strong>El territori consolida grups ja madurs i obre nous espais i l\u00ednies de treball, generant una xarxa viva d\u2019aprenentatge, participaci\u00f3 i construcci\u00f3 col\u00b7lectiva.<\/strong><\/p>\n\n\n\n<div style=\"height:15px\" aria-hidden=\"true\" class=\"wp-block-spacer\"><\/div>\n\n\n\n<p class=\"has-black-color has-text-color has-link-color wp-elements-ad5740873eaf543a7addf9158f9f01f4\"><strong>Continu\u00eftat als espais d&#8217;origen: Camp Clar, Bonavista i Torreforta<\/strong><\/p>\n\n\n\n<div style=\"height:20px\" aria-hidden=\"true\" class=\"wp-block-spacer\"><\/div>\n\n\n\n<p class=\"has-black-color has-text-color has-link-color wp-elements-90a0b20c9a9c04bda7be60cd4ed21c4f\">Tarragona mant\u00e9 un dels seus espais d\u2019origen a Campclar, un context on Vitamina \u00e9s especialment necess\u00e0ria i on l\u2019any passat es van graduar dos grups. Aquest curs s\u2019hi inicia un nou grup, recollint el relleu i assegurant la continu\u00eftat del projecte. Alhora, els grups de Bonavista i Torreforta continuen el seu recorregut, arribant ja al tercer i quart any respectivament. Es tracta de grups amb identitat pr\u00f2pia, experi\u00e8ncia acumulada i una energia sostinguda que permet aprofundir en objectius personals i col\u00b7lectius amb m\u00e9s consci\u00e8ncia.<\/p>\n\n\n\n<div style=\"height:19px\" aria-hidden=\"true\" class=\"wp-block-spacer\"><\/div>\n\n\n\n<p class=\"has-black-color has-text-color has-link-color wp-elements-cb8f593571d31a9da32ae21aae913e55\"><strong>Obertura a Tarragona Centre i nou espai d&#8217;acollida<\/strong><\/p>\n\n\n\n<div style=\"height:18px\" aria-hidden=\"true\" class=\"wp-block-spacer\"><\/div>\n\n\n\n<p class=\"has-black-color has-text-color has-link-color wp-elements-efb2fe14da789c8c5e4e65952a97644c\">Com a pas clau d\u2019expansi\u00f3 territorial, Vitamina obre un nou grup a Tarragona Centre, iniciant el projecte en una zona on fins ara no s\u2019havia desenvolupat. Aquest nou grup es caracteritza per la seva heterogene\u00eftat, les ganes d\u2019aprofitar l\u2019espai i una forta motivaci\u00f3 per participar activament del programa. Aquest inici ve acompanyat de la inauguraci\u00f3 d\u2019un nou espai d\u2019acollida, l\u2019Espai Kesse, que dona la benvinguda a Vitamina i estableix una nova sinergia amb l\u2019equip del territori, refor\u00e7ant la col\u00b7laboraci\u00f3 amb Bel\u00e9n i Carmeta.<\/p>\n\n\n\n<div style=\"height:20px\" aria-hidden=\"true\" class=\"wp-block-spacer\"><\/div>\n\n\n\n<p class=\"has-black-color has-text-color has-link-color wp-elements-f9c867f196bee0c84650f37f121ff904\"><strong>Un inici de curs connectat i compartit<\/strong><\/p>\n\n\n\n<div style=\"height:20px\" aria-hidden=\"true\" class=\"wp-block-spacer\"><\/div>\n\n\n\n<p class=\"has-black-color has-text-color has-link-color wp-elements-e87c90d2c1ff043afc28deae689a7e2d\">L\u2019inici de curs a Tarragona destaca tamb\u00e9 per la for\u00e7a de la conducci\u00f3 i per l\u2019\u00fas de t\u00e8cniques que permeten connectar l\u2019experi\u00e8ncia dels quatre grups. A trav\u00e9s d\u2019aquest treball, els i les joves poden comunicar-se entre grups, compartir expectatives i proposar objectius tant individuals com col\u00b7lectius. Aquesta mirada transversal facilita que joves de diferents anys puguin con\u00e8ixer qu\u00e8 esperen altres nois i noies de Vitamina, qu\u00e8 els ha aportat el projecte i quins reptes volen treballar, generant un sentiment de pertinen\u00e7a a un projecte com\u00fa m\u00e9s enll\u00e0 del propi grup.<\/p>\n\n\n\n<div style=\"height:20px\" aria-hidden=\"true\" class=\"wp-block-spacer\"><\/div>\n\n\n\n<p class=\"has-black-color has-text-color has-link-color wp-elements-f9689ff60a90ae5c6cd84fd08facb5ea\"><strong>La benvinguda a la Vita: identitat, g\u00e8nere i regulaci\u00f3 emocional<\/strong><\/p>\n\n\n\n<div style=\"height:18px\" aria-hidden=\"true\" class=\"wp-block-spacer\"><\/div>\n\n\n\n<p class=\"has-black-color has-text-color has-link-color wp-elements-14f2cda3b918ee10a6c401eab65aeb35\">Aquest curs, els grups de Tarragona incorporen tamb\u00e9 una nova pres\u00e8ncia a l\u2019espai Vitamina: la Vita, la mascota del projecte. Es tracta d\u2019una mascota sense g\u00e8nere definit, que permet obrir converses sobre g\u00e8nere i identitat des d\u2019un lloc simb\u00f2lic, inclusiu i accessible per a tots els i les joves. Alhora, la Vita esdev\u00e9 una eina de regulaci\u00f3 emocional, facilitant que els participants puguin parlar del que senten, compartir viv\u00e8ncies i posar paraules a emocions que sovint costen d\u2019expressar, refor\u00e7ant aix\u00ed el clima de seguretat i confian\u00e7a als grups.<br><\/p>\n\n\n\n<div style=\"height:20px\" aria-hidden=\"true\" class=\"wp-block-spacer\"><\/div>\n\n\n\n<p class=\"has-black-color has-text-color has-link-color wp-elements-9a5b352ce0655b9fa4cc103a3c7394c5\"><strong>Tarragona, un territori clau per a Vitamina<\/strong><\/p>\n\n\n\n<div style=\"height:20px\" aria-hidden=\"true\" class=\"wp-block-spacer\"><\/div>\n\n\n\n<p class=\"has-black-color has-text-color has-link-color wp-elements-c72151408f06f937ca1df3d4c457120b\">Amb aquest inici de curs, Tarragona es consolida com un territori clau dins del projecte Vitamina, amb grups madurs, noves obertures, aliances renovades i una comunitat juvenil amb molta energia, diversitat i ganes de cr\u00e9ixer. Un punt de partida s\u00f2lid per continuar treballant l\u2019autoconeixement, la conviv\u00e8ncia i la participaci\u00f3 activa al llarg del curs.<\/p>\n\n\n\n<p class=\"has-black-color has-text-color has-link-color wp-elements-49c6027d0520981263030ae3e99c92d4\"><br><br><\/p>\n\n\n\n<figure class=\"wp-block-image size-large\"><img fetchpriority=\"high\" decoding=\"async\" width=\"1024\" height=\"170\" src=\"https:\/\/programavitamina.org\/wp-content\/uploads\/2025\/10\/IFE-TGN-1024x170.png\" alt=\"\" class=\"wp-image-1624\" srcset=\"https:\/\/programavitamina.org\/wp-content\/uploads\/2025\/10\/IFE-TGN-1024x170.png 1024w, https:\/\/programavitamina.org\/wp-content\/uploads\/2025\/10\/IFE-TGN-300x50.png 300w, https:\/\/programavitamina.org\/wp-content\/uploads\/2025\/10\/IFE-TGN-768x128.png 768w, https:\/\/programavitamina.org\/wp-content\/uploads\/2025\/10\/IFE-TGN-1536x256.png 1536w, https:\/\/programavitamina.org\/wp-content\/uploads\/2025\/10\/IFE-TGN.png 2000w\" sizes=\"(max-width: 1024px) 100vw, 1024px\" \/><\/figure>\n","protected":false},"excerpt":{"rendered":"<p>El territori consolida grups ja madurs i obre nous espais i l\u00ednies de treball, generant una xarxa viva d\u2019aprenentatge, participaci\u00f3 i construcci\u00f3 col\u00b7lectiva. Continu\u00eftat als espais d&#8217;origen: Camp [&hellip;]<\/p>\n","protected":false},"author":3,"featured_media":1584,"comment_status":"open","ping_status":"open","sticky":false,"template":"","format":"standard","meta":{"footnotes":""},"categories":[2,13],"tags":[],"class_list":["post-1582","post","type-post","status-publish","format-standard","has-post-thumbnail","hentry","category-noticies","category-programa-vitamina"],"_links":{"self":[{"href":"https:\/\/programavitamina.org\/index.php?rest_route=\/wp\/v2\/posts\/1582","targetHints":{"allow":["GET"]}}],"collection":[{"href":"https:\/\/programavitamina.org\/index.php?rest_route=\/wp\/v2\/posts"}],"about":[{"href":"https:\/\/programavitamina.org\/index.php?rest_route=\/wp\/v2\/types\/post"}],"author":[{"embeddable":true,"href":"https:\/\/programavitamina.org\/index.php?rest_route=\/wp\/v2\/users\/3"}],"replies":[{"embeddable":true,"href":"https:\/\/programavitamina.org\/index.php?rest_route=%2Fwp%2Fv2%2Fcomments&post=1582"}],"version-history":[{"count":5,"href":"https:\/\/programavitamina.org\/index.php?rest_route=\/wp\/v2\/posts\/1582\/revisions"}],"predecessor-version":[{"id":1625,"href":"https:\/\/programavitamina.org\/index.php?rest_route=\/wp\/v2\/posts\/1582\/revisions\/1625"}],"wp:featuredmedia":[{"embeddable":true,"href":"https:\/\/programavitamina.org\/index.php?rest_route=\/wp\/v2\/media\/1584"}],"wp:attachment":[{"href":"https:\/\/programavitamina.org\/index.php?rest_route=%2Fwp%2Fv2%2Fmedia&parent=1582"}],"wp:term":[{"taxonomy":"category","embeddable":true,"href":"https:\/\/programavitamina.org\/index.php?rest_route=%2Fwp%2Fv2%2Fcategories&post=1582"},{"taxonomy":"post_tag","embeddable":true,"href":"https:\/\/programavitamina.org\/index.php?rest_route=%2Fwp%2Fv2%2Ftags&post=1582"}],"curies":[{"name":"wp","href":"https:\/\/api.w.org\/{rel}","templated":true}]}}