{"id":1554,"date":"2025-10-10T17:23:03","date_gmt":"2025-10-10T17:23:03","guid":{"rendered":"https:\/\/programavitamina.org\/?p=1554"},"modified":"2026-02-20T15:31:32","modified_gmt":"2026-02-20T15:31:32","slug":"vitamina-obre-nous-grups-del-dispositiu-de-barcelona-i-mataro-espais-per-creixer-expressar-se-i-construir-identitat","status":"publish","type":"post","link":"https:\/\/programavitamina.org\/?p=1554","title":{"rendered":"Vitamina obre\u00a0nous\u00a0grups\u00a0del\u00a0dispositiu\u00a0de Barcelona i Matar\u00f3:\u00a0espais\u00a0per\u00a0cr\u00e9ixer,\u00a0expressar-se i construir\u00a0identitat\u00a0"},"content":{"rendered":"\t\t<div data-elementor-type=\"wp-post\" data-elementor-id=\"1554\" class=\"elementor elementor-1554\" data-elementor-post-type=\"post\">\n\t\t\t\t<div class=\"elementor-element elementor-element-5d0aec85 e-flex e-con-boxed e-con e-parent\" data-id=\"5d0aec85\" data-element_type=\"container\">\n\t\t\t\t\t<div class=\"e-con-inner\">\n\t\t\t\t<div class=\"elementor-element elementor-element-2ee9a002 elementor-widget elementor-widget-text-editor\" data-id=\"2ee9a002\" data-element_type=\"widget\" data-widget_type=\"text-editor.default\">\n\t\t\t\t<div class=\"elementor-widget-container\">\n\t\t\t\t\t\t\t\t\t<h3>Aquest 2025, Vitamina amplia el seu dispositiu amb l\u2019obertura de nous grups a Barcelona i Matar\u00f3, consolidant espais educatius i vivencials on els i les joves poden participar activament, con\u00e8ixer-se millor i relacionar-se des de l\u2019autenticitat<\/h3>\n<p>\u00a0<\/p>\n<p><!-- \/wp:paragraph --><!-- wp:paragraph --><\/p>\n<p><strong><u>Nou grup a Sant Adri\u00e0 del Bes\u00f2s: identitat, energia i diversitat<\/u><\/strong><\/p>\n<p><!-- \/wp:paragraph --><!-- wp:paragraph --><\/p>\n<p>A la Sagrera del Bes\u00f2s, s\u2019ha iniciat un nou grup que es desenvolupa al Centre de Producci\u00f3 Cultural i Juvenil El Polid\u00f3. Es tracta d\u2019un grup heterogeni, format per joves procedents de diferents centres educatius de la zona, com l\u2019Institut Turbula, l\u2019Institut Amordadeu i l\u2019Institut Manuel V\u00e1zquez Montalb\u00e1n.<\/p>\n<p>\u00a0<\/p>\n<p><!-- \/wp:paragraph --><!-- wp:paragraph --><\/p>\n<p>Des de les primeres sessions, el grup ha mostrat molta for\u00e7a, personalitat i energia, amb joves molt implicats i amb ganes de formar part activa del programa Vitamina. Ells mateixos ja identifiquen l\u2019espai com un lloc per con\u00e8ixer gent nova i, sobretot, per poder ser ells mateixos.<\/p>\n<p>\u00a0<\/p>\n<p><!-- \/wp:paragraph --><!-- wp:paragraph --><\/p>\n<p>El treball s\u2019ha centrat especialment en les etiquetes i els prejudicis: aquells que rebem de l\u2019entorn i tamb\u00e9 els que ens posem a nosaltres mateixos. A partir d\u2019aquestes reflexions, el grup explora quines etiquetes volen q\u00fcestionar, quines volen deixar enrere i quines identitats volen construir. Aquest proc\u00e9s els permet situar-se en el grup com en un llen\u00e7 en blanc, des d\u2019on comen\u00e7ar a definir-se amb m\u00e9s llibertat i consci\u00e8ncia.<\/p>\n<p>\u00a0<\/p>\n<p><!-- \/wp:paragraph --><!-- wp:paragraph --><\/p>\n<p><strong><u>Nou grup a Matar\u00f3: capacitats, empatia i mirada \u00e0mplia<\/u><\/strong><\/p>\n<p><!-- \/wp:paragraph --><!-- wp:paragraph --><\/p>\n<p>Paral\u00b7lelament, s\u2019ha obert un nou grup a Matar\u00f3, que es desenvolupa a la Parr\u00f2quia de Sant Josep. En aquest grup hi participen joves que tenen vincles previs amb Vitamina \u2014com germanes d\u2019exalumnes\u2014 i tamb\u00e9 alumnes de l\u2019Institut Dami\u00e0 Campeny.<\/p>\n<p>\u00a0<\/p>\n<p><!-- \/wp:paragraph --><!-- wp:paragraph --><\/p>\n<p>Aqu\u00ed, el treball s\u2019est\u00e0 enfocant principalment en l\u2019autoconeixement i el reconeixement de les pr\u00f2pies capacitats. A partir de din\u00e0miques i espais de paraula, els i les joves exploren habilitats que sovint no saben anomenar, com la resist\u00e8ncia, la resili\u00e8ncia o la capacitat d\u2019adaptaci\u00f3, ampliant aix\u00ed la seva percepci\u00f3 del que s\u00f3n capa\u00e7os de fer.<\/p>\n<p>\u00a0<\/p>\n<p><!-- \/wp:paragraph --><!-- wp:paragraph --><\/p>\n<p>Els participants expressen que aquest proc\u00e9s els est\u00e0 ajudant no nom\u00e9s a con\u00e8ixer-se millor, sin\u00f3 tamb\u00e9 a generar m\u00e9s empatia cap a les altres persones, a escoltar amb una mirada m\u00e9s oberta i a comprendre la complexitat de les traject\u00f2ries vitals de cadasc\u00fa.<\/p>\n<p>\u00a0<\/p>\n<p><!-- \/wp:paragraph --><!-- wp:paragraph --><\/p>\n<p><strong><u>Vitamina com a espai de refer\u00e8ncia per als joves<\/u><\/strong><strong>\u00a0<\/strong><\/p>\n<p><!-- \/wp:paragraph --><!-- wp:paragraph --><\/p>\n<p>L\u2019obertura d\u2019aquests nous grups refor\u00e7a el paper de Vitamina com a espai segur i significatiu, on els i les joves poden construir vincles, posar paraules al que senten i desenvolupar una mirada cr\u00edtica i emp\u00e0tica sobre ells mateixos i el seu entorn.<\/p>\n<p>\u00a0<\/p>\n<p><!-- \/wp:paragraph --><!-- wp:paragraph --><\/p>\n<p>Aquests inicis marquen el punt de partida de processos que aposten pel creixement personal i col\u00b7lectiu, posant al centre la identitat, les capacitats i la relaci\u00f3 amb els altres com a pilars fonamentals del desenvolupament juvenil.<\/p>\n<p><!-- \/wp:paragraph --><!-- wp:paragraph --><\/p>\n<p><!-- \/wp:paragraph --><!-- wp:paragraph --><\/p>\n<p><!-- \/wp:paragraph --><!-- wp:paragraph --><\/p>\n<p><!-- \/wp:paragraph --><!-- wp:paragraph --><\/p>\n<p><!-- \/wp:paragraph --><!-- wp:paragraph --><\/p>\n<p><!-- \/wp:paragraph --><!-- wp:paragraph --><\/p>\n<p><!-- \/wp:paragraph --><!-- wp:paragraph --><\/p>\n<p><!-- \/wp:paragraph --><!-- wp:paragraph --><\/p>\n<p><!-- \/wp:paragraph --><!-- wp:paragraph --><\/p>\n<p><!-- \/wp:paragraph --><!-- wp:paragraph --><\/p>\n<p><!-- \/wp:paragraph --><!-- wp:paragraph --><\/p>\n<p><!-- \/wp:paragraph --><\/p>\t\t\t\t\t\t\t\t<\/div>\n\t\t\t\t<\/div>\n\t\t\t\t\t<\/div>\n\t\t\t\t<\/div>\n\t\t<div class=\"elementor-element elementor-element-f8f0ae3 e-flex e-con-boxed e-con e-parent\" data-id=\"f8f0ae3\" data-element_type=\"container\">\n\t\t\t\t\t<div class=\"e-con-inner\">\n\t\t<div class=\"elementor-element elementor-element-b08f1e0 e-con-full e-flex e-con e-child\" data-id=\"b08f1e0\" data-element_type=\"container\">\n\t\t\t\t<\/div>\n\t\t\t\t<div class=\"elementor-element elementor-element-71e1e42 elementor-widget elementor-widget-image\" data-id=\"71e1e42\" data-element_type=\"widget\" data-widget_type=\"image.default\">\n\t\t\t\t<div class=\"elementor-widget-container\">\n\t\t\t\t\t\t\t\t\t\t\t\t\t\t\t<img fetchpriority=\"high\" decoding=\"async\" width=\"1024\" height=\"170\" src=\"http:\/\/programavitamina.org\/wp-content\/uploads\/2025\/10\/LGOOS-PER-BCN-1024x170.png\" class=\"attachment-large size-large wp-image-1619\" alt=\"\" srcset=\"http:\/\/programavitamina.org\/wp-content\/uploads\/2025\/10\/LGOOS-PER-BCN-1024x170.png 1024w, http:\/\/programavitamina.org\/wp-content\/uploads\/2025\/10\/LGOOS-PER-BCN-300x50.png 300w, http:\/\/programavitamina.org\/wp-content\/uploads\/2025\/10\/LGOOS-PER-BCN-768x128.png 768w, http:\/\/programavitamina.org\/wp-content\/uploads\/2025\/10\/LGOOS-PER-BCN-1536x256.png 1536w, http:\/\/programavitamina.org\/wp-content\/uploads\/2025\/10\/LGOOS-PER-BCN.png 2000w\" sizes=\"(max-width: 1024px) 100vw, 1024px\" \/>\t\t\t\t\t\t\t\t\t\t\t\t\t\t\t<\/div>\n\t\t\t\t<\/div>\n\t\t\t\t\t<\/div>\n\t\t\t\t<\/div>\n\t\t\t\t<\/div>\n\t\t","protected":false},"excerpt":{"rendered":"<p>Aquest 2025, Vitamina amplia el seu dispositiu amb l\u2019obertura de nous grups a Barcelona i Matar\u00f3, consolidant espais educatius i vivencials on els i les joves poden participar [&hellip;]<\/p>\n","protected":false},"author":3,"featured_media":1572,"comment_status":"open","ping_status":"open","sticky":false,"template":"","format":"standard","meta":{"footnotes":""},"categories":[13,1],"tags":[],"class_list":["post-1554","post","type-post","status-publish","format-standard","has-post-thumbnail","hentry","category-programa-vitamina","category-uncategorized"],"_links":{"self":[{"href":"https:\/\/programavitamina.org\/index.php?rest_route=\/wp\/v2\/posts\/1554","targetHints":{"allow":["GET"]}}],"collection":[{"href":"https:\/\/programavitamina.org\/index.php?rest_route=\/wp\/v2\/posts"}],"about":[{"href":"https:\/\/programavitamina.org\/index.php?rest_route=\/wp\/v2\/types\/post"}],"author":[{"embeddable":true,"href":"https:\/\/programavitamina.org\/index.php?rest_route=\/wp\/v2\/users\/3"}],"replies":[{"embeddable":true,"href":"https:\/\/programavitamina.org\/index.php?rest_route=%2Fwp%2Fv2%2Fcomments&post=1554"}],"version-history":[{"count":19,"href":"https:\/\/programavitamina.org\/index.php?rest_route=\/wp\/v2\/posts\/1554\/revisions"}],"predecessor-version":[{"id":1623,"href":"https:\/\/programavitamina.org\/index.php?rest_route=\/wp\/v2\/posts\/1554\/revisions\/1623"}],"wp:featuredmedia":[{"embeddable":true,"href":"https:\/\/programavitamina.org\/index.php?rest_route=\/wp\/v2\/media\/1572"}],"wp:attachment":[{"href":"https:\/\/programavitamina.org\/index.php?rest_route=%2Fwp%2Fv2%2Fmedia&parent=1554"}],"wp:term":[{"taxonomy":"category","embeddable":true,"href":"https:\/\/programavitamina.org\/index.php?rest_route=%2Fwp%2Fv2%2Fcategories&post=1554"},{"taxonomy":"post_tag","embeddable":true,"href":"https:\/\/programavitamina.org\/index.php?rest_route=%2Fwp%2Fv2%2Ftags&post=1554"}],"curies":[{"name":"wp","href":"https:\/\/api.w.org\/{rel}","templated":true}]}}